{"id":897,"date":"2024-11-25T15:40:10","date_gmt":"2024-11-25T18:40:10","guid":{"rendered":"https:\/\/solved.eco.br\/intranet\/?p=897"},"modified":"2025-04-10T02:42:29","modified_gmt":"2025-04-10T05:42:29","slug":"movimento-quilombola-cobra-avancos-na-titulacao-de-territorios-confira-a-carta-aberta-ao-governo-brasileiro","status":"publish","type":"post","link":"https:\/\/solved.eco.br\/intranet\/movimento-quilombola-cobra-avancos-na-titulacao-de-territorios-confira-a-carta-aberta-ao-governo-brasileiro\/","title":{"rendered":"Movimento quilombola cobra avan\u00e7os na titula\u00e7\u00e3o de territ\u00f3rios: confira a Carta Aberta ao Governo Brasileiro"},"content":{"rendered":"\n<figure class=\"wp-block-image size-large\"><img fetchpriority=\"high\" decoding=\"async\" width=\"1024\" height=\"573\" src=\"https:\/\/solved.eco.br\/intranet\/wp-content\/uploads\/2024\/11\/Carta-aberta-ao-Governo-Brasileiro-sobre-as-titulacoes-dos-territorios-Quilombola-1024x573.webp\" alt=\"\" class=\"wp-image-898\" srcset=\"https:\/\/solved.eco.br\/intranet\/wp-content\/uploads\/2024\/11\/Carta-aberta-ao-Governo-Brasileiro-sobre-as-titulacoes-dos-territorios-Quilombola-1024x573.webp 1024w, https:\/\/solved.eco.br\/intranet\/wp-content\/uploads\/2024\/11\/Carta-aberta-ao-Governo-Brasileiro-sobre-as-titulacoes-dos-territorios-Quilombola-300x168.webp 300w, https:\/\/solved.eco.br\/intranet\/wp-content\/uploads\/2024\/11\/Carta-aberta-ao-Governo-Brasileiro-sobre-as-titulacoes-dos-territorios-Quilombola-768x429.webp 768w, https:\/\/solved.eco.br\/intranet\/wp-content\/uploads\/2024\/11\/Carta-aberta-ao-Governo-Brasileiro-sobre-as-titulacoes-dos-territorios-Quilombola.webp 1216w\" sizes=\"(max-width: 1024px) 100vw, 1024px\" \/><\/figure>\n\n\n\n<p>A Coordena\u00e7\u00e3o Nacional de Articula\u00e7\u00e3o das Comunidades Negras Rurais Quilombolas (Conaq) divulgou uma <strong><a href=\"https:\/\/conaq.org.br\/carta-aberta-ao-governo-brasileiro-sobre-as-titulacoes-dos-territorios-quilombola\/\">Carta Aberta ao Governo Brasileiro<\/a><\/strong>, destacando a urg\u00eancia na titula\u00e7\u00e3o dos territ\u00f3rios quilombolas. O documento, lan\u00e7ado no \u00faltimo dia 23 de novembro, reafirma o compromisso hist\u00f3rico do movimento quilombola na luta por seus direitos e pede medidas efetivas para garantir a seguran\u00e7a e o bem-estar das comunidades.<\/p>\n\n\n\n<h3 class=\"wp-block-heading\">A quest\u00e3o fundi\u00e1ria e a luta quilombola<\/h3>\n\n\n\n<p>No texto, a Conaq denuncia a morosidade nos processos de titula\u00e7\u00e3o e os desafios enfrentados pelos quilombolas na defesa de seus territ\u00f3rios. A organiza\u00e7\u00e3o ressalta que a falta de avan\u00e7o nas titula\u00e7\u00f5es deixa as comunidades vulner\u00e1veis a amea\u00e7as, conflitos agr\u00e1rios e impactos ambientais, colocando em risco sua exist\u00eancia e a preserva\u00e7\u00e3o de seu modo de vida.<\/p>\n\n\n\n<p>\u201cTerrit\u00f3rio \u00e9 sin\u00f4nimo de dignidade, ancestralidade e resist\u00eancia\u201d, pontua a Carta, enfatizando que a regulariza\u00e7\u00e3o fundi\u00e1ria \u00e9 essencial para assegurar os direitos constitucionais dessas comunidades.<\/p>\n\n\n\n<h3 class=\"wp-block-heading\">Reivindica\u00e7\u00f5es<\/h3>\n\n\n\n<p>Entre os principais pontos apresentados na Carta, est\u00e3o:<\/p>\n\n\n\n<ul class=\"wp-block-list\">\n<li><strong>Acelera\u00e7\u00e3o dos processos de titula\u00e7\u00e3o dos territ\u00f3rios quilombolas<\/strong>;<\/li>\n\n\n\n<li><strong>Cumprimento das metas pactuadas para o avan\u00e7o na regulariza\u00e7\u00e3o fundi\u00e1ria<\/strong>;<\/li>\n\n\n\n<li><strong>Garantia de recursos financeiros e humanos para os \u00f3rg\u00e3os respons\u00e1veis por esses processos<\/strong>.<\/li>\n<\/ul>\n\n\n\n<p>A Conaq tamb\u00e9m pede maior envolvimento do governo na prote\u00e7\u00e3o dos territ\u00f3rios e no enfrentamento \u00e0s amea\u00e7as, como invas\u00f5es e explora\u00e7\u00e3o ilegal dos recursos naturais.<\/p>\n\n\n\n<h3 class=\"wp-block-heading\">Compromisso com a causa<\/h3>\n\n\n\n<p>O movimento quilombola reafirma que a luta pela titula\u00e7\u00e3o \u00e9 uma luta pela vida e pela continuidade da hist\u00f3ria de resist\u00eancia e contribui\u00e7\u00e3o dos quilombolas para a sociedade brasileira. A Carta conclui com um chamado para que o governo atue com urg\u00eancia e responsabilidade em defesa dessas comunidades.<\/p>\n\n\n\n<h4 class=\"wp-block-heading\"><strong>Saiba mais<\/strong><\/h4>\n\n\n\n<p>Para acessar o texto completo da Carta Aberta e acompanhar as a\u00e7\u00f5es da Conaq, visite o site oficial: <a href=\"https:\/\/conaq.org.br\">conaq.org.br<\/a>.<\/p>\n\n\n\n<p><em><a href=\"https:\/\/conaq.org.br\/carta-aberta-ao-governo-brasileiro-sobre-as-titulacoes-dos-territorios-quilombola\/\">(via Conaq)<\/a><\/em><\/p>\n","protected":false},"excerpt":{"rendered":"<p>A Coordena\u00e7\u00e3o Nacional de Articula\u00e7\u00e3o das Comunidades Negras Rurais Quilombolas (Conaq) divulgou uma Carta Aberta ao Governo Brasileiro, destacando a urg\u00eancia na titula\u00e7\u00e3o dos territ\u00f3rios quilombolas. O documento, lan\u00e7ado no \u00faltimo dia 23 de novembro, reafirma o compromisso hist\u00f3rico do movimento quilombola na luta por seus direitos e pede medidas efetivas para garantir a seguran\u00e7a [&hellip;]<\/p>\n","protected":false},"author":1,"featured_media":898,"comment_status":"open","ping_status":"open","sticky":false,"template":"","format":"standard","meta":{"inline_featured_image":false,"footnotes":""},"categories":[16,11],"tags":[],"class_list":["post-897","post","type-post","status-publish","format-standard","has-post-thumbnail","hentry","category-direitos-e-politicas-publicas","category-noticias"],"_links":{"self":[{"href":"https:\/\/solved.eco.br\/intranet\/wp-json\/wp\/v2\/posts\/897","targetHints":{"allow":["GET"]}}],"collection":[{"href":"https:\/\/solved.eco.br\/intranet\/wp-json\/wp\/v2\/posts"}],"about":[{"href":"https:\/\/solved.eco.br\/intranet\/wp-json\/wp\/v2\/types\/post"}],"author":[{"embeddable":true,"href":"https:\/\/solved.eco.br\/intranet\/wp-json\/wp\/v2\/users\/1"}],"replies":[{"embeddable":true,"href":"https:\/\/solved.eco.br\/intranet\/wp-json\/wp\/v2\/comments?post=897"}],"version-history":[{"count":1,"href":"https:\/\/solved.eco.br\/intranet\/wp-json\/wp\/v2\/posts\/897\/revisions"}],"predecessor-version":[{"id":899,"href":"https:\/\/solved.eco.br\/intranet\/wp-json\/wp\/v2\/posts\/897\/revisions\/899"}],"wp:featuredmedia":[{"embeddable":true,"href":"https:\/\/solved.eco.br\/intranet\/wp-json\/wp\/v2\/media\/898"}],"wp:attachment":[{"href":"https:\/\/solved.eco.br\/intranet\/wp-json\/wp\/v2\/media?parent=897"}],"wp:term":[{"taxonomy":"category","embeddable":true,"href":"https:\/\/solved.eco.br\/intranet\/wp-json\/wp\/v2\/categories?post=897"},{"taxonomy":"post_tag","embeddable":true,"href":"https:\/\/solved.eco.br\/intranet\/wp-json\/wp\/v2\/tags?post=897"}],"curies":[{"name":"wp","href":"https:\/\/api.w.org\/{rel}","templated":true}]}}