{"id":903,"date":"2024-11-24T15:53:38","date_gmt":"2024-11-24T18:53:38","guid":{"rendered":"https:\/\/solved.eco.br\/intranet\/?p=903"},"modified":"2025-04-10T02:40:18","modified_gmt":"2025-04-10T05:40:18","slug":"mais-de-1-mil-comunidades-tradicionais-da-amazonia-ja-tem-internet","status":"publish","type":"post","link":"https:\/\/solved.eco.br\/intranet\/mais-de-1-mil-comunidades-tradicionais-da-amazonia-ja-tem-internet\/","title":{"rendered":"Mais de 1 mil comunidades tradicionais da Amaz\u00f4nia j\u00e1 t\u00eam internet"},"content":{"rendered":"\n<figure class=\"wp-block-image size-large\"><img fetchpriority=\"high\" decoding=\"async\" width=\"1024\" height=\"613\" src=\"https:\/\/solved.eco.br\/intranet\/wp-content\/uploads\/2024\/11\/auaris_-ti_yanomami_-_isa_coiab_-_amajari_rr_14-1024x613.webp\" alt=\"\" class=\"wp-image-904\" srcset=\"https:\/\/solved.eco.br\/intranet\/wp-content\/uploads\/2024\/11\/auaris_-ti_yanomami_-_isa_coiab_-_amajari_rr_14-1024x613.webp 1024w, https:\/\/solved.eco.br\/intranet\/wp-content\/uploads\/2024\/11\/auaris_-ti_yanomami_-_isa_coiab_-_amajari_rr_14-300x179.webp 300w, https:\/\/solved.eco.br\/intranet\/wp-content\/uploads\/2024\/11\/auaris_-ti_yanomami_-_isa_coiab_-_amajari_rr_14-768x459.webp 768w, https:\/\/solved.eco.br\/intranet\/wp-content\/uploads\/2024\/11\/auaris_-ti_yanomami_-_isa_coiab_-_amajari_rr_14.webp 1170w\" sizes=\"(max-width: 1024px) 100vw, 1024px\" \/><\/figure>\n\n\n\n<p class=\"has-black-color has-text-color has-link-color wp-elements-1f6b465a67ec2e9f0dfbeeb18a07dc9b\"><em>Reportagem originalmente publicada na Ag\u00eancia Brasil, em 01\/09\/2024.<\/em><\/p>\n\n\n\n<p>Mais de 1 mil comunidades ind\u00edgenas, quilombolas, extrativistas e ribeirinhas da Amaz\u00f4nia j\u00e1 est\u00e3o conectadas em rede de&nbsp;internet. A marca foi alcan\u00e7ada em agosto pelo projeto Conex\u00e3o dos Povos da Floresta, que visa levar inclus\u00e3o, seguran\u00e7a e empoderamento digital \u00e0s comunidades pela conectividade.&nbsp;<img decoding=\"async\" src=\"https:\/\/agenciabrasil.ebc.com.br\/ebc.png?id=1610286&amp;o=node\"><img decoding=\"async\" src=\"https:\/\/agenciabrasil.ebc.com.br\/ebc.gif?id=1610286&amp;o=node\"><\/p>\n\n\n\n<p>Entre as beneficiadas est\u00e1 a\u00a0terra quilombola Vila S\u00e3o Jos\u00e9 do Gurupi, localizada no\u00a0Par\u00e1. O\u00a0projeto j\u00e1 conectou quatro comunidades quilombolas. A chegada da internet proporciona novas oportunidades de estudo e trabalho aos moradores. &#8220;Est\u00e3o surgindo novas oportunidades que eu n\u00e3o tive para estudar, para fazer um curso t\u00e9cnico. Est\u00e1 sendo muito positivo. \u00c9 um projeto maravilhoso para mim e para a comunidade tamb\u00e9m. Com o projeto, a gente s\u00f3 tem a crescer\u201d, contou a assistente social\u00a0Tha\u00eds Ribeiro \u00e0\u00a0Ag\u00eancia Brasil.\u00a0<\/p>\n\n\n\n<p>J\u00e1\u00a0Alberico Manchineri, lideran\u00e7a ind\u00edgena da Aldeia Extrema na Terra Ind\u00edgena Mamoadate, situada no Acre, relata que os alunos podem\u00a0estudar \u00e0 dist\u00e2ncia, concluir o ensino m\u00e9dio e cursos\u00a0t\u00e9cnicos, como de\u00a0enfermagem e de inform\u00e1tica. \u201cOs barcos de alum\u00ednio est\u00e3o n\u00e3o s\u00f3 levando fiscaliza\u00e7\u00e3o para nossos parentes isolados, mas tamb\u00e9m levando sa\u00fade. E n\u00e3o s\u00f3 isso, mas tamb\u00e9m o conhecimento da pr\u00f3pria tecnologia\u201d, disse\u00a0\u00e0\u00a0Ag\u00eancia Brasil.<\/p>\n\n\n\n<p>As comunidades recebem um kit de conectividade que inclui roteador de alta capacidade, antena de internet banda larga via sat\u00e9lite, celular e computador. As comunidades sem acesso \u00e0 fonte est\u00e1vel de energia recebem tamb\u00e9m um kit de energia solar, com placas fotovoltaicas e um sistema de baterias de longa dura\u00e7\u00e3o, que permite manter a rede funcionando 24 horas por dia.<\/p>\n\n\n\n<p>Criado em 2022 e implantado em janeiro de 2023, o projeto Conex\u00e3o Povos da Floresta \u00e9 liderado&nbsp;pela&nbsp;Coordena\u00e7\u00e3o Nacional de Articula\u00e7\u00e3o das Comunidades Negras Rurais Quilombolas (Conaq), Coordena\u00e7\u00e3o das Organiza\u00e7\u00f5es Ind\u00edgenas da Amaz\u00f4nia Brasileira (Coiab) e pelo Conselho Nacional das Popula\u00e7\u00f5es Extrativistas (CNS), em parceria com mais de 30 organiza\u00e7\u00f5es da sociedade civil, institui\u00e7\u00f5es e empresas&nbsp;.<\/p>\n\n\n\n<p>A meta \u00e9&nbsp;conectar em rede, por meio&nbsp;de internet banda larga, 4.537 comunidades em territ\u00f3rios protegidos da Amaz\u00f4nia Legal, considerados guardi\u00f5es da floresta, at\u00e9 2025.&nbsp;Essas comunidades vivem em cerca de um ter\u00e7o das florestas conservadas do Brasil, de acordo com dados do Instituto Socioambiental (ISA), que s\u00e3o respons\u00e1veis pela&nbsp;preserva\u00e7\u00e3o de 42,3% da vegeta\u00e7\u00e3o nativa.<\/p>\n\n\n\n<p>&nbsp;\u201cA gente estrutura essa rede para trazer a consci\u00eancia e dar a conectividade significativa, que \u00e9 a tecnologia para al\u00e9m de um ponto de conex\u00e3o. Todas as tecnologias que a gente usa e traz para o contexto deste projeto visam mostrar como utilizar essa tecnologia para que ela seja apropriada para conhecimento dos povos da floresta para desenvolverem o que vai fazer mais sentido no desenvolvimento e autonomia dos pr\u00f3prios territ\u00f3rios\u201d, explica a secret\u00e1ria-executiva do Conex\u00e3o Povos da Floresta, Juliana Dib Rezende.<\/p>\n\n\n\n<p>Atualmente, h\u00e1&nbsp;instala\u00e7\u00f5es simult\u00e2neas, por meio de diversos parceiros, em todos os estados da Amaz\u00f4nia.&nbsp;<\/p>\n\n\n\n<p>Outra atua\u00e7\u00e3o do projeto \u00e9 o&nbsp;empoderamento digital, que s\u00e3o as ferramentas e solu\u00e7\u00f5es desenvolvidas no \u00e2mbito do projeto, para que sejam entregues e disponibilizadas \u00e0s&nbsp;comunidades.<\/p>\n\n\n\n<p>A secret\u00e1ria-executiva salientou que os principais pilares do projeto s\u00e3o sa\u00fade, educa\u00e7\u00e3o, prote\u00e7\u00e3o territorial, empreendedorismo,&nbsp;cultura e ancestralidade, ou seja, mostrar como a tecnologia serve a todos esses pilares. \u201cVai ser um processo de entendimento como a gente vai conectar todos os povos da floresta em rede, que s\u00e3o os principais guardi\u00f5es da floresta. Onde existem esses territ\u00f3rios, existe conserva\u00e7\u00e3o da floresta\u201d.<\/p>\n\n\n\n<p>Estima-se que&nbsp;h\u00e1 mais de 8 mil comunidades que habitam esses territ\u00f3rios protegidos.&nbsp;\u201cA gente espera que o projeto seja perene e que a gente tenha uma articula\u00e7\u00e3o junto com as pol\u00edticas p\u00fablicas e que consiga trazer conectividade em rede para todos os povos da floresta, mantendo sempre a parceria com as empresas e institui\u00e7\u00f5es p\u00fablicas e privadas\u201d, apontou.<\/p>\n\n\n\n<p>Outra meta do projeto \u00e9 trazer o conceito da responsabilidade do uso da internet, trazer o processo de autonomia na gest\u00e3o dessa conectividade nas comunidades, atrav\u00e9s do entendimento de que a conectividade \u00e9 estruturada para ser usada coletivamente e, tamb\u00e9m, ser uma ferramenta de transforma\u00e7\u00e3o social. \u201cHoje em dia, a conectividade vai al\u00e9m de uma simples ferramenta de comunica\u00e7\u00e3o. A partir do momento de ter entendimento e responsabilidade sobre o uso dessas tecnologias pelo lado dos povos da floresta, tem um campo muito grande de desenvolvimento a\u00ed. Por isso, a gente foca bastante no contexto do GT (grupo de trabalho) de educa\u00e7\u00e3o em trazer os principais conhecimentos sobre o bom uso e o uso consciente dessas tecnologias\u201d.<\/p>\n\n\n\n<p>O projeto conta com investimentos privados do Fundo Vale, do Bradesco, do Ita\u00fa, da Azul, entre outras empresas. H\u00e1 ainda aportes financeiros de organiza\u00e7\u00f5es sociais como o Instituto Clima e Sociedade (ICS) e o Instituto Arapya\u00fa, al\u00e9m do governo do Reino Unido.<\/p>\n\n\n\n<p>A primeira instala\u00e7\u00e3o da fase-piloto foi realizada em mar\u00e7o de 2023, na Terra Ind\u00edgena (TI) Yanomami. A mais recente&nbsp;instala\u00e7\u00e3o do&nbsp;kit de conex\u00e3o ocorreu na comunidade Serafina, em Curralinho (PA), na Reserva Extrativista (Resex) Terra Grande-Pracu\u00faba. J\u00e1 s\u00e3o mais de 27 mil usu\u00e1rios cadastrados e uma popula\u00e7\u00e3o diretamente beneficiada de cerca de 81 mil pessoas.<\/p>\n\n\n\n<p><a href=\"https:\/\/agenciabrasil.ebc.com.br\/geral\/noticia\/2024-09\/mais-de-1-mil-comunidades-tradicionais-da-amazonia-tem-internet\">(Fonte: Ag\u00eancia Brasil)<\/a><\/p>\n","protected":false},"excerpt":{"rendered":"<p>Reportagem originalmente publicada na Ag\u00eancia Brasil, em 01\/09\/2024. Mais de 1 mil comunidades ind\u00edgenas, quilombolas, extrativistas e ribeirinhas da Amaz\u00f4nia j\u00e1 est\u00e3o conectadas em rede de&nbsp;internet. A marca foi alcan\u00e7ada em agosto pelo projeto Conex\u00e3o dos Povos da Floresta, que visa levar inclus\u00e3o, seguran\u00e7a e empoderamento digital \u00e0s comunidades pela conectividade.&nbsp; Entre as beneficiadas est\u00e1 [&hellip;]<\/p>\n","protected":false},"author":1,"featured_media":904,"comment_status":"open","ping_status":"open","sticky":false,"template":"","format":"standard","meta":{"inline_featured_image":false,"footnotes":""},"categories":[16,11],"tags":[],"class_list":["post-903","post","type-post","status-publish","format-standard","has-post-thumbnail","hentry","category-direitos-e-politicas-publicas","category-noticias"],"_links":{"self":[{"href":"https:\/\/solved.eco.br\/intranet\/wp-json\/wp\/v2\/posts\/903","targetHints":{"allow":["GET"]}}],"collection":[{"href":"https:\/\/solved.eco.br\/intranet\/wp-json\/wp\/v2\/posts"}],"about":[{"href":"https:\/\/solved.eco.br\/intranet\/wp-json\/wp\/v2\/types\/post"}],"author":[{"embeddable":true,"href":"https:\/\/solved.eco.br\/intranet\/wp-json\/wp\/v2\/users\/1"}],"replies":[{"embeddable":true,"href":"https:\/\/solved.eco.br\/intranet\/wp-json\/wp\/v2\/comments?post=903"}],"version-history":[{"count":2,"href":"https:\/\/solved.eco.br\/intranet\/wp-json\/wp\/v2\/posts\/903\/revisions"}],"predecessor-version":[{"id":1213,"href":"https:\/\/solved.eco.br\/intranet\/wp-json\/wp\/v2\/posts\/903\/revisions\/1213"}],"wp:featuredmedia":[{"embeddable":true,"href":"https:\/\/solved.eco.br\/intranet\/wp-json\/wp\/v2\/media\/904"}],"wp:attachment":[{"href":"https:\/\/solved.eco.br\/intranet\/wp-json\/wp\/v2\/media?parent=903"}],"wp:term":[{"taxonomy":"category","embeddable":true,"href":"https:\/\/solved.eco.br\/intranet\/wp-json\/wp\/v2\/categories?post=903"},{"taxonomy":"post_tag","embeddable":true,"href":"https:\/\/solved.eco.br\/intranet\/wp-json\/wp\/v2\/tags?post=903"}],"curies":[{"name":"wp","href":"https:\/\/api.w.org\/{rel}","templated":true}]}}