{"id":907,"date":"2024-11-25T17:20:30","date_gmt":"2024-11-25T20:20:30","guid":{"rendered":"https:\/\/solved.eco.br\/intranet\/?p=907"},"modified":"2025-04-10T02:42:49","modified_gmt":"2025-04-10T05:42:49","slug":"protecao-de-arvores-gigantes-da-amazonia-e-tema-de-webserie-assista","status":"publish","type":"post","link":"https:\/\/solved.eco.br\/intranet\/protecao-de-arvores-gigantes-da-amazonia-e-tema-de-webserie-assista\/","title":{"rendered":"Prote\u00e7\u00e3o de \u00e1rvores gigantes da Amaz\u00f4nia \u00e9 tema de webs\u00e9rie; assista"},"content":{"rendered":"<div class=\"wp-block-image\">\n<figure class=\"aligncenter size-large\"><img fetchpriority=\"high\" decoding=\"async\" width=\"1024\" height=\"684\" src=\"https:\/\/solved.eco.br\/intranet\/wp-content\/uploads\/2024\/11\/arvores-gigantes-amazonia-2-scaled-1170x781-1-1024x684.webp\" alt=\"\" class=\"wp-image-908\" srcset=\"https:\/\/solved.eco.br\/intranet\/wp-content\/uploads\/2024\/11\/arvores-gigantes-amazonia-2-scaled-1170x781-1-1024x684.webp 1024w, https:\/\/solved.eco.br\/intranet\/wp-content\/uploads\/2024\/11\/arvores-gigantes-amazonia-2-scaled-1170x781-1-300x200.webp 300w, https:\/\/solved.eco.br\/intranet\/wp-content\/uploads\/2024\/11\/arvores-gigantes-amazonia-2-scaled-1170x781-1-768x513.webp 768w, https:\/\/solved.eco.br\/intranet\/wp-content\/uploads\/2024\/11\/arvores-gigantes-amazonia-2-scaled-1170x781-1.webp 1170w\" sizes=\"(max-width: 1024px) 100vw, 1024px\" \/><\/figure>\n<\/div>\n\n\n<p>Lan\u00e7amento do m\u00eas de novembro, a webs\u00e9rie \u201c\u00c1rvores Gigantes da Amaz\u00f4nia\u201d \u00e9 um convite para uma jornada \u00fanica pela Amaz\u00f4nia Brasileira. Em um territ\u00f3rio ainda pouco conhecido, na fronteira entre os estados do Par\u00e1 e Amap\u00e1, \u00e9 encontrada uma quantidade impressionante de \u00e1rvores de grande porte, que ultrapassam os 70 metros de altura. \u00c9 l\u00e1 que foi recentemente criado o Parque Estadual Ambiental das \u00c1rvores Gigantes da Amaz\u00f4nia, tema da nova produ\u00e7\u00e3o da Funda\u00e7\u00e3o Amaz\u00f4nia Sustent\u00e1vel (FAS).&nbsp;<a href=\"https:\/\/www.instagram.com\/p\/DCFBU8vP162\/\" target=\"_blank\" rel=\"noreferrer noopener\">Assista ao primeiro epis\u00f3dio da s\u00e9rie<\/a>.<\/p>\n\n\n\n<figure class=\"wp-block-embed aligncenter is-type-video is-provider-youtube wp-block-embed-youtube wp-embed-aspect-16-9 wp-has-aspect-ratio\"><div class=\"wp-block-embed__wrapper\">\n<iframe title=\"O parque: criando uma nova Unidade de Conserva\u00e7\u00e3o | Epis\u00f3dio 4\" width=\"800\" height=\"450\" src=\"https:\/\/www.youtube.com\/embed\/K824YvriVKk?list=PL2PCperrjpRF7OnAHGI__jf2v1c3LZv48\" frameborder=\"0\" allow=\"accelerometer; autoplay; clipboard-write; encrypted-media; gyroscope; picture-in-picture; web-share\" referrerpolicy=\"strict-origin-when-cross-origin\" allowfullscreen><\/iframe>\n<\/div><\/figure>\n\n\n\n<p>A webs\u00e9rie \u201c\u00c1rvores Gigantes da Amaz\u00f4nia\u201d narra a hist\u00f3ria de um projeto de conserva\u00e7\u00e3o com foco nesses esp\u00e9cimes gigantescos da natureza amaz\u00f4nica, cujas circunst\u00e2ncias de exist\u00eancia na floresta ainda intrigam a ci\u00eancia. A partir de uma alian\u00e7a entre governo, institui\u00e7\u00f5es de pesquisa e organiza\u00e7\u00f5es socioambientais, foi poss\u00edvel expandir o conhecimento sobre uma regi\u00e3o com grande concentra\u00e7\u00e3o de \u00e1rvores gigantes, como o angelim-vermelho (<em>Dinizia excelsa<\/em>) e fornecer subs\u00eddios para a cria\u00e7\u00e3o da nova \u00e1rea de prote\u00e7\u00e3o integral, um Parque Ambiental com cerca de 560 mil hectares, gerido pelo governo paraense.<\/p>\n\n\n\n<p>A iniciativa de conserva\u00e7\u00e3o \u00e9 liderada pelo Governo do Par\u00e1, por meio do Instituto de Desenvolvimento Florestal e da Biodiversidade (Ideflor-Bio) e conta com a parceria do Instituto Federal do Amap\u00e1 (IFAP), Funda\u00e7\u00e3o Amaz\u00f4nia Sustent\u00e1vel (FAS) e financiamento do Andes Amazon Fund (AAF).<\/p>\n\n\n\n<p>\u201cO Parque tem uma import\u00e2ncia muito grande, n\u00e3o s\u00f3 para o estado do Par\u00e1, mas tamb\u00e9m para toda a Amaz\u00f4nia, porque ele vai proteger ainda mais um santu\u00e1rio de \u00e1rvores gigantescas. Acreditamos que esse Parque vai trazer n\u00e3o s\u00f3 a prote\u00e7\u00e3o do meio ambiente para essa regi\u00e3o, mas principalmente desenvolver uma atividade tur\u00edstica baseada em ci\u00eancia e conserva\u00e7\u00e3o. Ou seja, essas atividades a serem permitidas nesse novo desenho de \u00e1rea protegida v\u00e3o trazer ganhos sociais, econ\u00f4micos e ambientais para o territ\u00f3rio\u201d, ressalta Victor Salviati, superintendente de Inova\u00e7\u00e3o e Desenvolvimento Institucional da FAS.<\/p>\n\n\n\n<h3 class=\"wp-block-heading\"><strong>Webs\u00e9rie traz imagens in\u00e9ditas da biodiversidade da Amaz\u00f4nia<\/strong><\/h3>\n\n\n\n<p>A s\u00e9rie audiovisual \u00e9 repleta de registros do novo Parque Ambiental, localizado no Oeste do Par\u00e1, e da diversidade biol\u00f3gica da regi\u00e3o. As imagens foram captadas durante a mais recente expedi\u00e7\u00e3o t\u00e9cnico-cient\u00edfica no territ\u00f3rio das \u00e1rvores gigantes, realizada no primeiro semestre de 2024.&nbsp;<\/p>\n\n\n\n<p>Em quatro epis\u00f3dios, a produ\u00e7\u00e3o narra a trajet\u00f3ria do projeto, desde a descoberta de um angelim-vermelho de 88,5 metros na \u00e1rea, registrado como a maior \u00e1rvore da Am\u00e9rica do Sul e a quarta maior do mundo.&nbsp;<\/p>\n\n\n\n<p>Ao redor dele, j\u00e1 foram identificadas tamb\u00e9m, ao menos, 38 \u00e1rvores de grande porte, duas delas com mais de 80 metros. Trata-se da maior incid\u00eancia de \u00e1rvores gigantes na Amaz\u00f4nia, um indicador da rica biodiversidade do territ\u00f3rio, o que o torna priorit\u00e1rio nos planos de prote\u00e7\u00e3o do bioma amaz\u00f4nico.<\/p>\n\n\n\n<p>As \u00e1rvores gigantes da Amaz\u00f4nia representam tamb\u00e9m um papel-chave na manuten\u00e7\u00e3o da biodiversidade e no equil\u00edbrio ecol\u00f3gico do bioma. Esses esp\u00e9cimes de grande porte atuam na regula\u00e7\u00e3o do clima, absorvendo grandes quantidades de carbono da atmosfera e ajudando a mitigar os impactos da crise clim\u00e1tica.&nbsp;&nbsp;<\/p>\n\n\n\n<p>\u201cO Parque Estadual das \u00c1rvores Gigantes \u00e9 um passo importante para a prote\u00e7\u00e3o das florestas, da biodiversidade e de suas fun\u00e7\u00f5es clim\u00e1ticas. Ao criar essa \u00e1rea protegida, o estado do Par\u00e1 est\u00e1 preparando o caminho para sediar o evento clim\u00e1tico mais importante do mundo, a COP 30. Com essa nova \u00e1rea protegida, o estado d\u00e1 um forte sinal de sua lideran\u00e7a e de seus compromissos ambientais\u201d, afirma Enrique Ortiz, Diretor S\u00eanior de Programas do Andes Amazon Fund (AAF).<\/p>\n\n\n\n<h3 class=\"wp-block-heading\"><strong>Onde assistir<\/strong><\/h3>\n\n\n\n<p>A webs\u00e9rie \u201c\u00c1rvores Gigantes da Amaz\u00f4nia\u201d ser\u00e1 lan\u00e7ada todas as quintas-feiras durante o m\u00eas de novembro nos perfis da Funda\u00e7\u00e3o Amaz\u00f4nia Sustent\u00e1vel (@fasamazonia) e do Andes Amazon Fund (@andesamazonfund) no Instagram. Os epis\u00f3dios tamb\u00e9m est\u00e3o dispon\u00edveis no canal da FAS no&nbsp;<a href=\"https:\/\/www.youtube.com\/fasamazonia\" target=\"_blank\" rel=\"noreferrer noopener\">YouTube<\/a>.<\/p>\n\n\n\n<h3 class=\"wp-block-heading\"><strong>Sobre o IDEFLOR-BIO<\/strong><\/h3>\n\n\n\n<p>Com sede em Bel\u00e9m (PA), mas com circunscri\u00e7\u00e3o em todo o estado, o Instituto de Desenvolvimento Florestal e da Biodiversidade do Estado do Par\u00e1 (IDEFLOR-Bio) \u00e9 uma entidade de direito p\u00fablico, constitu\u00edda sob a forma de autarquia, com autonomia t\u00e9cnica, administrativa e financeira. O Instituto busca exercer a gest\u00e3o das florestas p\u00fablicas visando a produ\u00e7\u00e3o sustent\u00e1vel e a preserva\u00e7\u00e3o da biodiversidade, incluindo entre suas fun\u00e7\u00f5es a gest\u00e3o da pol\u00edtica estadual para produ\u00e7\u00e3o e desenvolvimento da cadeia florestal; e a execu\u00e7\u00e3o das pol\u00edticas de preserva\u00e7\u00e3o, conserva\u00e7\u00e3o e uso sustent\u00e1vel da biodiversidade, da fauna e da flora terrestres e aqu\u00e1ticas no estado.<\/p>\n\n\n\n<h3 class=\"wp-block-heading\"><strong>Sobre o IFAP<\/strong><\/h3>\n\n\n\n<p>O Instituto Federal de Educa\u00e7\u00e3o, Ci\u00eancia e Tecnologia do Amap\u00e1 (Ifap) \u00e9 uma institui\u00e7\u00e3o de ensino superior e t\u00e9cnico brasileira, sediada no estado do Amap\u00e1. O instituto foi criado mediante a transforma\u00e7\u00e3o da Escola T\u00e9cnica Federal do Amap\u00e1. Sua reitoria est\u00e1 sediada em Macap\u00e1. Atualmente, possui campus nos munic\u00edpios de Macap\u00e1, Santana, Laranjal do Jari, Oiapoque, Porto Grande e um centro EAD em Pedra Branca do Amapari.<\/p>\n\n\n\n<h3 class=\"wp-block-heading\"><strong>Sobre a FAS&nbsp;<\/strong><\/h3>\n\n\n\n<p>A Funda\u00e7\u00e3o Amaz\u00f4nia Sustent\u00e1vel (FAS) \u00e9 uma organiza\u00e7\u00e3o da sociedade civil sem fins lucrativos que atua pelo desenvolvimento sustent\u00e1vel da Amaz\u00f4nia. Sua miss\u00e3o \u00e9 contribuir para a conserva\u00e7\u00e3o do bioma, para a melhoria da qualidade de vida das popula\u00e7\u00f5es da Amaz\u00f4nia e valoriza\u00e7\u00e3o da floresta em p\u00e9 e de sua biodiversidade. Com 16 anos de atua\u00e7\u00e3o, a institui\u00e7\u00e3o tem n\u00fameros de destaque, como o aumento de 202% na renda m\u00e9dia de milhares fam\u00edlias beneficiadas e a queda de 39% no desmatamento em \u00e1reas atendidas.<\/p>\n\n\n\n<h3 class=\"wp-block-heading\"><strong>Sobre o&nbsp;<\/strong><strong><em>Andes Amazon Fund<\/em><\/strong><\/h3>\n\n\n\n<p>O Fundo Andes Amaz\u00f4nia (<em>Andes Amazon Fund<\/em>) protege paisagens naturais com biodiversidade rica ou \u00fanica nas regi\u00f5es dos Andes e da Amaz\u00f4nia. A organiza\u00e7\u00e3o apoia a cria\u00e7\u00e3o e a expans\u00e3o de \u00e1reas protegidas e o reconhecimento legal de terras ind\u00edgenas com uma abordagem integrada em que a natureza e os povos locais possam florescer. Entre as principais atividades da organiza\u00e7\u00e3o, est\u00e1 o apoio \u00e0 expans\u00e3o do conjunto de \u00e1reas protegidas em n\u00edvel nacional, regional e local; e melhorar o gerenciamento dessas terras com o fornecimento de recursos financeiros.<\/p>\n\n\n\n<p><a href=\"https:\/\/fas-amazonia.org\/protecao-de-arvores-gigantes-da-amazonia-e-tema-de-webserie-assista\/\">(<em>via FAS)<\/em><\/a><\/p>\n","protected":false},"excerpt":{"rendered":"<p>Lan\u00e7amento do m\u00eas de novembro, a webs\u00e9rie \u201c\u00c1rvores Gigantes da Amaz\u00f4nia\u201d \u00e9 um convite para uma jornada \u00fanica pela Amaz\u00f4nia Brasileira. Em um territ\u00f3rio ainda pouco conhecido, na fronteira entre os estados do Par\u00e1 e Amap\u00e1, \u00e9 encontrada uma quantidade impressionante de \u00e1rvores de grande porte, que ultrapassam os 70 metros de altura. \u00c9 l\u00e1 [&hellip;]<\/p>\n","protected":false},"author":1,"featured_media":908,"comment_status":"open","ping_status":"open","sticky":false,"template":"","format":"standard","meta":{"inline_featured_image":false,"footnotes":""},"categories":[17,14,11],"tags":[],"class_list":["post-907","post","type-post","status-publish","format-standard","has-post-thumbnail","hentry","category-bioeconomia-e-conservacao","category-cultura-e-ancestralidade","category-noticias"],"_links":{"self":[{"href":"https:\/\/solved.eco.br\/intranet\/wp-json\/wp\/v2\/posts\/907","targetHints":{"allow":["GET"]}}],"collection":[{"href":"https:\/\/solved.eco.br\/intranet\/wp-json\/wp\/v2\/posts"}],"about":[{"href":"https:\/\/solved.eco.br\/intranet\/wp-json\/wp\/v2\/types\/post"}],"author":[{"embeddable":true,"href":"https:\/\/solved.eco.br\/intranet\/wp-json\/wp\/v2\/users\/1"}],"replies":[{"embeddable":true,"href":"https:\/\/solved.eco.br\/intranet\/wp-json\/wp\/v2\/comments?post=907"}],"version-history":[{"count":3,"href":"https:\/\/solved.eco.br\/intranet\/wp-json\/wp\/v2\/posts\/907\/revisions"}],"predecessor-version":[{"id":913,"href":"https:\/\/solved.eco.br\/intranet\/wp-json\/wp\/v2\/posts\/907\/revisions\/913"}],"wp:featuredmedia":[{"embeddable":true,"href":"https:\/\/solved.eco.br\/intranet\/wp-json\/wp\/v2\/media\/908"}],"wp:attachment":[{"href":"https:\/\/solved.eco.br\/intranet\/wp-json\/wp\/v2\/media?parent=907"}],"wp:term":[{"taxonomy":"category","embeddable":true,"href":"https:\/\/solved.eco.br\/intranet\/wp-json\/wp\/v2\/categories?post=907"},{"taxonomy":"post_tag","embeddable":true,"href":"https:\/\/solved.eco.br\/intranet\/wp-json\/wp\/v2\/tags?post=907"}],"curies":[{"name":"wp","href":"https:\/\/api.w.org\/{rel}","templated":true}]}}