{"id":911,"date":"2024-11-25T17:27:23","date_gmt":"2024-11-25T20:27:23","guid":{"rendered":"https:\/\/solved.eco.br\/intranet\/?p=911"},"modified":"2025-04-10T02:58:41","modified_gmt":"2025-04-10T05:58:41","slug":"rede-juruena-vivo-lanca-edital-para-impulsionar-projetos-sustentaveis","status":"publish","type":"post","link":"https:\/\/solved.eco.br\/intranet\/rede-juruena-vivo-lanca-edital-para-impulsionar-projetos-sustentaveis\/","title":{"rendered":"Rede Juruena Vivo lan\u00e7a edital para impulsionar projetos sustent\u00e1veis"},"content":{"rendered":"<div class=\"wp-block-image\">\n<figure class=\"aligncenter size-large\"><img decoding=\"async\" src=\"https:\/\/solved.eco.br\/intranet\/wp-content\/uploads\/2024\/11\/Foto-Festival-Juruena-Vivo-2024-1024x683.jpg\" alt=\"\" class=\"wp-image-912\"\/><\/figure>\n<\/div>\n\n\n<p>Neste domingo (10), durante o 11\u00ba Festival Juruena Vivo, aconteceu o lan\u00e7amento do primeiro edital da Rede Juruena Vivo, \u201cFortalecendo Elos da Rede\u201d, que vai apoiar organiza\u00e7\u00f5es e coletivos para executarem projetos que promovam a governan\u00e7a, a gest\u00e3o territorial, a cultura e a seguran\u00e7a alimentar. O edital traz uma novidade: a possibilidade de envio da proposta no formato escrito ou oral, por meio de v\u00eddeo.<\/p>\n\n\n\n<p>\u201cEsse \u00e9 um momento muito importante para todos n\u00f3s da Rede Juruena. \u00c9 nosso primeiro edital, mas a gente espera captar mais recursos para que possamos apoiar diretamente as nossas bases, como a gente sempre se prop\u00f4s\u201d, disse a secret\u00e1ria-executiva da Rede, Marta Tipuici. Este ano, a promo\u00e7\u00e3o do fundo de pequenos projetos da Rede Juruena Vivo est\u00e1 sendo fruto da parceria da Opera\u00e7\u00e3o Amaz\u00f4nia Nativa (OPAN) com&nbsp;<a href=\"https:\/\/www.porticus.com\/en\/our-regions\/good-energies-foundation\">Porticus<\/a>.&nbsp;&nbsp;<\/p>\n\n\n\n<p>Com mais de 10 anos de atua\u00e7\u00e3o, a Rede Juruena Vivo re\u00fane 32 entidades que representam povos ind\u00edgenas, agricultores familiares, pesquisadores, organiza\u00e7\u00f5es e movimentos sociais com atua\u00e7\u00e3o na bacia do rio Juruena (MT).&nbsp;<\/p>\n\n\n\n<p>Ao todo, o edital vai disponibilizar R$100 mil divididos em quatro projetos de at\u00e9 R$25 mil cada para execu\u00e7\u00e3o das atividades e posterior presta\u00e7\u00e3o de contas no prazo de at\u00e9 seis meses. As inscri\u00e7\u00f5es podem ser feitas at\u00e9 15 de janeiro de 2025, no e-mail editaljuruenavivo@amazonianativa.org.br.&nbsp;<\/p>\n\n\n\n<p><strong>Quem pode participar?&nbsp;<\/strong><\/p>\n\n\n\n<p>Podem enviar propostas organiza\u00e7\u00f5es e coletivos que pertencem \u00e0 Rede Juruena Vivo e que estejam aptas a acessar, executar e prestar contas de recursos. Cada organiza\u00e7\u00e3o pode apresentar apenas um projeto.<\/p>\n\n\n\n<p>Para coletivos ou organiza\u00e7\u00f5es sem Cadastro Nacional da Pessoa Jur\u00eddica (CNPJ), ser\u00e1 necess\u00e1rio indicar uma organiza\u00e7\u00e3o parceira que ser\u00e1 respons\u00e1vel pela presta\u00e7\u00e3o de contas do projeto, em conjunto com o coletivo ou organiza\u00e7\u00e3o.<\/p>\n\n\n\n<p><strong>Estrutura de apoio e orienta\u00e7\u00e3o do edital<\/strong><\/p>\n\n\n\n<p>Para facilitar a participa\u00e7\u00e3o e fortalecer a gest\u00e3o dos projetos, o edital oferecer\u00e1 apoio t\u00e9cnico e pedag\u00f3gico para as organiza\u00e7\u00f5es e coletivos em todas as etapas do processo.<\/p>\n\n\n\n<p>A primeira a\u00e7\u00e3o \u00e9 um evento online para tirar d\u00favidas sobre o edital, que ser\u00e1 realizado no dia 4 de dezembro de 2024 \u00e0s 15h (hora de Mato Grosso). Para participar \u00e9 necess\u00e1rio fazer a inscri\u00e7\u00e3o, que estar\u00e1 aberta de 13 de novembro a 28 de novembro. Os interessados precisam se inscrever enviando um e-mail para editaljuruenavivo@amazonianativa.org.br.&nbsp;<\/p>\n\n\n\n<p><strong>Formato escrito ou oral<\/strong><\/p>\n\n\n\n<p>Para se inscreverem as organiza\u00e7\u00f5es precisam enviar a proposta do projeto, or\u00e7amento detalhado, o estatuto da organiza\u00e7\u00e3o, a \u00faltima ata de elei\u00e7\u00e3o vigente e o cart\u00e3o de CNPJ.<\/p>\n\n\n\n<p>Neste edital, a proposta pode ser apresentada em formul\u00e1rio escrito ou em v\u00eddeo de at\u00e9 10 minutos em formato MP4. O v\u00eddeo deve seguir o mesmo roteiro do formul\u00e1rio escrito, abordando o projeto de forma clara e objetiva.<\/p>\n\n\n\n<p>O edital completo est\u00e1 dispon\u00edvel&nbsp;<a href=\"https:\/\/amazonianativa.org.br\/pub\/edital-fortalecendo-os-elos-da-rede-juruena-vivo\/\">aqui<\/a>!<\/p>\n\n\n\n<p><em><a href=\"https:\/\/amazonianativa.org.br\/2024\/11\/13\/rede-juruena-vivo-lanca-edital-para-impulsionar-projetos-sustentaveis\/\">(via Opan)<\/a><\/em><\/p>\n","protected":false},"excerpt":{"rendered":"<p>Neste domingo (10), durante o 11\u00ba Festival Juruena Vivo, aconteceu o lan\u00e7amento do primeiro edital da Rede Juruena Vivo, \u201cFortalecendo Elos da Rede\u201d, que vai apoiar organiza\u00e7\u00f5es e coletivos para executarem projetos que promovam a governan\u00e7a, a gest\u00e3o territorial, a cultura e a seguran\u00e7a alimentar. O edital traz uma novidade: a possibilidade de envio da [&hellip;]<\/p>\n","protected":false},"author":1,"featured_media":912,"comment_status":"open","ping_status":"open","sticky":false,"template":"","format":"standard","meta":{"inline_featured_image":false,"footnotes":""},"categories":[17,13,11],"tags":[],"class_list":["post-911","post","type-post","status-publish","format-standard","has-post-thumbnail","hentry","category-bioeconomia-e-conservacao","category-editais-e-oportunidades","category-noticias"],"_links":{"self":[{"href":"https:\/\/solved.eco.br\/intranet\/wp-json\/wp\/v2\/posts\/911","targetHints":{"allow":["GET"]}}],"collection":[{"href":"https:\/\/solved.eco.br\/intranet\/wp-json\/wp\/v2\/posts"}],"about":[{"href":"https:\/\/solved.eco.br\/intranet\/wp-json\/wp\/v2\/types\/post"}],"author":[{"embeddable":true,"href":"https:\/\/solved.eco.br\/intranet\/wp-json\/wp\/v2\/users\/1"}],"replies":[{"embeddable":true,"href":"https:\/\/solved.eco.br\/intranet\/wp-json\/wp\/v2\/comments?post=911"}],"version-history":[{"count":1,"href":"https:\/\/solved.eco.br\/intranet\/wp-json\/wp\/v2\/posts\/911\/revisions"}],"predecessor-version":[{"id":914,"href":"https:\/\/solved.eco.br\/intranet\/wp-json\/wp\/v2\/posts\/911\/revisions\/914"}],"wp:featuredmedia":[{"embeddable":true,"href":"https:\/\/solved.eco.br\/intranet\/wp-json\/wp\/v2\/media\/912"}],"wp:attachment":[{"href":"https:\/\/solved.eco.br\/intranet\/wp-json\/wp\/v2\/media?parent=911"}],"wp:term":[{"taxonomy":"category","embeddable":true,"href":"https:\/\/solved.eco.br\/intranet\/wp-json\/wp\/v2\/categories?post=911"},{"taxonomy":"post_tag","embeddable":true,"href":"https:\/\/solved.eco.br\/intranet\/wp-json\/wp\/v2\/tags?post=911"}],"curies":[{"name":"wp","href":"https:\/\/api.w.org\/{rel}","templated":true}]}}